{"id":46493,"date":"2022-03-09T22:53:00","date_gmt":"2022-03-09T21:53:00","guid":{"rendered":"https:\/\/remembermefrance.org\/?p=46493"},"modified":"2022-09-21T22:53:50","modified_gmt":"2022-09-21T20:53:50","slug":"solidaritate-franco-romana-in-ajutorul-refugiatilor-si-animalelor-din-ucraina","status":"publish","type":"post","link":"https:\/\/remembermefrance.org\/en\/solidaritate-franco-romana-in-ajutorul-refugiatilor-si-animalelor-din-ucraina\/","title":{"rendered":"Solidaritate franco-rom\u00e2n\u0103 \u00een ajutorul refugia\u021bilor \u0219i animalelor din Ucraina"},"content":{"rendered":"<p><a rel=\"noreferrer noopener\" href=\"https:\/\/www.woopets.fr\/chien\/actualite\/ukraine-une-myriade-associations-se-mobilisent-pour-venir-en-aide-aux-refuges-pour-animaux\/?fbclid=IwAR2jU9nozai015hCIHp-D7cR1pMcDBYkB4YtICrQ6T0sFNUdaluGtk5cb9k\" target=\"_blank\">RFI ROMANIA<\/a> &#8212; <em>Tragediile din Ucraina \u0219i de la frontierele inundate de oamenii fugind din calea r\u0103zboiului au mi\u0219cat pe toat\u0103 lumea&#8230;Imaginile cu ucraineni \u021bin\u00e2nd copiii \u00een bra\u021be dar \u0219i pisici sau c\u00e2ini, imaginea unui copil cu chipul pl\u00e2ns \u0219i obosit protej\u00e2nd colivia cu un mic peru\u0219 sau cele ale st\u0103p\u00e2nului care a c\u0103rat \u00een spate un c\u00e2ine lup b\u0103tr\u00e2n \u0219i bolnav pe care nu l-a abandonat \u00een fuga sa au impresionat p\u00e2n\u0103 la lacrimi&#8230;Cum era de a\u0219teptat, mobilizarea organiza\u021biilor pentru protec\u021bia animalelor \u0219i a activi\u0219tilor a fost imens\u0103.<\/em><\/p>\n\n\n\n<figure class=\"wp-block-image size-large\"><a href=\"https:\/\/www.rfi.ro\/diverse-143315-solidaritate-franco-romana-ajutorul-refugiatilor-si-animalelor-din-ucraina?fbclid=IwAR208TWp9hIQiPXSW9sQT0P3vgWNf8eeYg3bAGL8q5_GP-4Q4iwnFv2SxCo\" target=\"_blank\" rel=\"noreferrer noopener\"><img decoding=\"async\" width=\"500\" height=\"333\" src=\"https:\/\/remembermefrance.org\/wp-content\/uploads\/rfiromania-500x333.jpg\" alt=\"\" class=\"wp-image-46496\" srcset=\"https:\/\/remembermefrance.org\/wp-content\/uploads\/rfiromania-500x333.jpg 500w, https:\/\/remembermefrance.org\/wp-content\/uploads\/rfiromania-300x200.jpg 300w, https:\/\/remembermefrance.org\/wp-content\/uploads\/rfiromania-18x12.jpg 18w, https:\/\/remembermefrance.org\/wp-content\/uploads\/rfiromania-360x240.jpg 360w, https:\/\/remembermefrance.org\/wp-content\/uploads\/rfiromania.jpg 740w\" sizes=\"(max-width: 500px) 100vw, 500px\" \/><\/a><\/figure>\n\n\n\n<p><strong>Lea Berzuc<\/strong>&nbsp;a stat de vorb\u0103 cu&nbsp;<strong>pre\u0219edinta asocia\u021biei Remember Me France, Vanessa Manand<\/strong>, care se ocup\u0103 de ani de zile de un refugiu de c\u00e2ini salva\u021bi din Pa\u0219cani, \u0219i care i-a povestit cum s-au mobilizat ong-urile franceze pentru a ajuta ucrainenii \u0219i animalele Ucrainei<\/p>\n\n\n\n<p><strong>Vanessa Manand:<\/strong>&nbsp;Am \u00eentreprins mai multe ac\u021biuni la modul general. Suntem parteneri cu alte asocia\u021bii franceze din Rom\u00e2nia cu care facem planuri \u00een comun. De exemplu, acum am comandat 21 de tone de m\u00e2ncare pentru c\u00e2ini \u0219i pisici fie pentru ad\u0103posturile din Ucraina, fie pentru asocia\u021biile rom\u00e2ne\u0219ti care primesc refugia\u021bi cu animale la frontiere dar \u0219i pentru cele din Republica Moldova pentru c\u0103 situa\u021bia e foarte tensionat\u0103 \u0219i acolo. Noi, spre exemplu, am organizat un centru unde putem primi refugia\u021bi cu animalele lor, la Pa\u0219cani, \u00een nord estul Rom\u00e2niei. Sprijinim \u0219i ucraineni care sunt \u00een Ucraina \u0219i nu vor sau nu pot s\u0103 plece \u00een ciuda conflictului. Le oferim fie m\u00e2ncare, fie bani pentru a cump\u0103ra m\u00e2ncarea pentru c\u0103 e foarte complicat pentru ei. Avem \u0219i voluntari americani care doresc s\u0103 salveze c\u00e2ini din Ucraina \u0219i \u00eei vom ajuta. Sunt numeroase ac\u021biuni&#8230;\u00cen Fran\u021ba sunt mai multe colecte de dona\u021bii \u0219i exist\u0103 un poten\u021bial centru care va putea primi refugia\u021bi cu animalele lor&#8230;Ne-am mobilizat a\u0219adar&#8230;Sunt multe ac\u021biuni \u00een acel\u0219i timp&#8230;<\/p>\n\n\n\n<p><strong>Reporter:&nbsp;Care vi se pare acum cel mai dificil obstacol?<\/strong><\/p>\n\n\n\n<p><strong>Vanessa Manand:&nbsp;<\/strong>Cel mai mare obstacol e transportul \u00een interiorul Ucrainei pentru c\u0103 orice deplasare este foarte periculoas\u0103 iar dincolo de Kiev nu se poate trece&#8230;E prea periculos \u0219i nu putem trimite niciun transport pentru c\u0103 am expune \u0219oferii la bobardamente \u0219i ac\u021biunile militarilor ru\u0219i&#8230;Zilele acestea se trage inclusiv \u00een ma\u0219inile care trec pe strad\u0103 deci nu putem risca&#8230;Ne-a luat enorm de mult timp s\u0103 scoatem o familie cu c\u00e2teva zeci de animale salvate din Ucraina&#8230;Acum sunt to\u021bi \u00een siguran\u021b\u0103 \u00een Polonia dar ne-a luat dou\u0103 s\u0103pt\u0103m\u00e2ni \u0219i a fost foarte complicat, a fost o aventur\u0103 rocambulesc\u0103&#8230;Pentru noi cel mai dificil este transportul dona\u021biilor c\u0103tre Ucraina \u0219i scoaterea animalelor \u0219i oamenilor din Ucraina, deplasarea este cea mai dificil\u0103&#8230;<\/p>\n\n\n\n<p><strong>Reporter:&nbsp;Multe ajutoare ajung \u00een Ucraina doar cu ajutorul celor de la Crucea Ro\u0219ie&#8230;<\/strong><\/p>\n\n\n\n<p><strong>Vanessa Manand:<\/strong>&nbsp;Vom \u00eencerca&#8230;Dar toate transporturile se fac mai mult spre vestul Ucrainei&#8230;Toate transporturile se fac \u00een vest dar \u00een est nici ONG-urile nu merg pentru c\u0103 e acaparat\u0103 de ru\u0219i \u0219i nu merge niciun transport \u00een acea zona&#8230;<\/p>\n\n\n\n<p><strong>Reporter:&nbsp;Mul\u021bi doresc s\u0103 ajute refugia\u021bii \u0219i animalele lor&#8230;De ce ar fi cu adev\u0103rat nevoie \u00een momentul de fa\u021b\u0103, pentru ca dona\u021biile s\u0103 fie utile?<\/strong><\/p>\n\n\n\n<p><strong>Vanessa Manand:<\/strong>&nbsp;Se poate dona m\u00e2ncare, pentru oameni sau animale, pentru c\u0103 ambele sunt utile&#8230;Hainele sunt mai pu\u021bin utile pentru c\u0103 am primit foarte multe dar nu au fost necesare la fa\u021ba locului&#8230;\u00cen schimb e nevoie de produse de igien\u0103, produse pentru nou n\u0103scu\u021bi, juc\u0103rii&#8230;La Pa\u0219cani avem un centru de colectare unde putem aduna tot ce se doneaz\u0103 \u0219i putem expedia mai departe la frontiere dar \u0219i \u00een Republica Moldova care a primit mul\u021bi refugia\u021bi \u0219i care, fiind o \u021bar\u0103 mic\u0103 cu pu\u021bine resurse, e \u00eentr-o situa\u021bie dificil\u0103 \u0219i foarte apropiat\u0103 de zona de conflict drept care Republica Moldova este sub o presiune foarte mare. Nu \u0219tim cum arat\u0103 viitorul, cum vor evolua lucrurile deci tensiunea este foarte mare&#8230;<\/p>\n\n\n\n<p><strong>Reporter:&nbsp;\u0218i doar pentru animale de ce fel de dona\u021bii este nevoie? Medicamente?<\/strong><\/p>\n\n\n\n<p><strong>Vanessa Manand:<\/strong>&nbsp;Ne pot ajuta produse \u0219i medicamente veterinare, deparazit\u0103ri, dar \u0219i castroane, co\u0219uri, hamuri, lese&#8230;Toate acestea sunt extrem de utile la frontiere sau \u00een ad\u0103postul nostru sau cele publice deci avem nevoie de aproape orice, nu ezita\u021bi&#8230;\u0218i cu\u0219ti, da, pentru c\u0103 trebuie s\u0103 deplas\u0103m multe animale. Avem \u0219i o ma\u0219in\u0103 destinat\u0103 transportului de animale \u0219i cu\u0219tile sunt foarte utile.<\/p>\n\n\n\n<p><strong>Reporter:&nbsp;\u00cen imaginile care au urmat invaziei toat\u0103 lumea a v\u0103zut ucraineni care au l\u0103sat totul \u00een urm\u0103 pentru a sc\u0103pa din calvar, nu \u0219i animalele&#8230;Ce lec\u021bie ar trebui s\u0103 \u00eenv\u0103\u021b\u0103m, mai ales \u00eentr-o \u021bar\u0103 ca Rom\u00e2nia unde abandonul este din p\u0103cate at\u00e2t de frecvent?<\/strong><\/p>\n\n\n\n<p><strong>Vanessa Manand:&nbsp;<\/strong>Cred c\u0103 e foarte important s\u0103 salv\u0103m tot ce tr\u0103ie\u0219te \u0219i respir\u0103, un num\u0103r c\u00e2t mai mare de vie\u021bi, c\u0103 e vorba de oameni sau de animale pentru c\u0103 au o valoare la fel de mare&#8230;Dac\u0103 putem ajuta oameni \u0219i animale, nu trebuie s\u0103 facem diferen\u021ba, trebuie s\u0103 ajut\u0103m \u0219i oameni \u0219i animale&#8230;<\/p>\n\n\n\n<p><strong>Reporter:&nbsp;Ceea ce se \u00eent\u00e2mpl\u0103 acum \u00een Ucraina cu ad\u0103posturile publice este tragic&#8230;Oare autorit\u0103\u021bile rom\u00e2ne nu au \u0219i ele o lec\u021bie de \u00eenv\u0103\u021bat?<\/strong><\/p>\n\n\n\n<p><strong>Vanessa Manand:&nbsp;<\/strong>Sigur! E super important&#8230;Noi ajut\u0103m de ani de zile c\u00e2inii din Rom\u00e2nia. E clar c\u0103 situa\u021bia din ad\u0103posturile publice e tesionat\u0103, zilnic se fac zeci de eutanasieri&#8230;Noi \u00eencerc\u0103m s\u0103 salv\u0103m \u0219i din aceste ad\u0103posturi unde se eutanasiaz\u0103. E clar c\u0103 acum, cu afluxul de animale din Ucraina, situa\u021bia din ad\u0103posturile publice va fi \u0219i mai rea \u0219i idealul ar fi s\u0103 cerem \u00eempreun\u0103 o am\u00e2nare a eutanasierilor&#8230;\u00cen prezent, un c\u00e2ine capturat \u0219i nerevendicat e eutanasiat \u00een cel mult 14 zile iar nou\u0103, asocia\u021biilor, ne trebuie timp ca s\u0103 preg\u0103tim c\u00e2inii pentru adop\u021bie&#8230;Din p\u0103cate nu vom mai avea at\u00e2t timp \u0219i ne vom putea trezi \u00een situa\u021bia absurd\u0103 \u00een care un c\u00e2ine e salvat din Ucraina \u0219i omor\u00e2t \u00een Rom\u00e2nia de autorit\u0103\u021bi&#8230;Sau animalele capturate de pe str\u0103zile din Rom\u00e2nia vor fi eutanasiate pentru c\u0103 nu vom avea timp s\u0103 le scoatem din cauza animalelor pe care trebuie s\u0103 le salv\u0103m din Ucraina&#8230;Va fi foarte tensionat&#8230;<\/p>\n\n\n\n<p><strong>Reporter: Deci m\u0103car s\u0103 schimbe actuala politic\u0103&#8230;<\/strong><\/p>\n\n\n\n<p><strong>Vanessa Manand:<\/strong>&nbsp;M\u0103car s\u0103 prelungeasc\u0103 termenele pentru a ne l\u0103sa timpul s\u0103 absorbim toate aceste animale&#8230;Ideal ar fi s\u0103 existe parteneriate importante \u0219i durabile cu asocia\u021biile din Europa de Vest sau ca rom\u00e2nii s\u0103 \u00eenceap\u0103 s\u0103 adopte din ad\u0103posturi pentru c\u0103 adop\u021biile rom\u00e2ne\u0219ti sunt acum o parte infim\u0103 din adop\u021biile pe care le facem&#8230;Eu m\u0103 voi \u00eent\u00e2lni cu conducerea ASPA care \u00eencearc\u0103 acum s\u0103 \u00eencheie parteneriate cu organiza\u021biile europene. Vom vedea cum putem ajuta&#8230;Trebuie s\u0103 existe astfel de ini\u021biative \u00een toate ad\u0103posturile publice \u0219i s\u0103 existe o adev\u0103rat\u0103 dorin\u021b\u0103 de a g\u0103si solu\u021bii \u00eempreun\u0103 cu ong-urile pentru a salva c\u00e2t mai multe animale \u00een locul solu\u021biei facile de a recurge la eutanasieri.<\/p>","protected":false},"excerpt":{"rendered":"<p>RFI ROMANIA &#8212; Tragediile din Ucraina \u0219i de la frontierele inundate de oamenii fugind din calea r\u0103zboiului au mi\u0219cat pe toat\u0103 lumea&#8230;Imaginile cu ucraineni \u021bin\u00e2nd&hellip;<\/p>","protected":false},"author":5,"featured_media":46496,"comment_status":"closed","ping_status":"closed","sticky":false,"template":"","format":"standard","meta":{"cybocfi_hide_featured_image":"yes","footnotes":""},"categories":[48],"tags":[],"class_list":["post-46493","post","type-post","status-publish","format-standard","has-post-thumbnail","hentry","category-dans-les-medias"],"yoast_head":"<!-- This site is optimized with the Yoast SEO plugin v27.5 - https:\/\/yoast.com\/product\/yoast-seo-wordpress\/ -->\n<title>Solidaritate franco-rom\u00e2n\u0103 \u00een ajutorul refugia\u021bilor \u0219i animalelor din Ucraina - Association RMF<\/title>\n<meta name=\"robots\" content=\"index, follow, max-snippet:-1, max-image-preview:large, max-video-preview:-1\" \/>\n<link rel=\"canonical\" href=\"https:\/\/remembermefrance.org\/en\/solidaritate-franco-romana-in-ajutorul-refugiatilor-si-animalelor-din-ucraina\/\" \/>\n<meta property=\"og:locale\" content=\"en_GB\" \/>\n<meta property=\"og:type\" content=\"article\" \/>\n<meta property=\"og:title\" content=\"Solidaritate franco-rom\u00e2n\u0103 \u00een ajutorul refugia\u021bilor \u0219i animalelor din Ucraina - Association RMF\" \/>\n<meta property=\"og:description\" content=\"RFI ROMANIA &#8212; Tragediile din Ucraina \u0219i de la frontierele inundate de oamenii fugind din calea r\u0103zboiului au mi\u0219cat pe toat\u0103 lumea&#8230;Imaginile cu ucraineni \u021bin\u00e2nd&hellip;\" \/>\n<meta property=\"og:url\" content=\"https:\/\/remembermefrance.org\/en\/solidaritate-franco-romana-in-ajutorul-refugiatilor-si-animalelor-din-ucraina\/\" \/>\n<meta property=\"og:site_name\" content=\"Association RMF\" \/>\n<meta property=\"article:publisher\" content=\"https:\/\/www.facebook.com\/remembermefrance\" \/>\n<meta property=\"article:published_time\" content=\"2022-03-09T21:53:00+00:00\" \/>\n<meta property=\"article:modified_time\" content=\"2022-09-21T20:53:50+00:00\" \/>\n<meta property=\"og:image\" content=\"https:\/\/remembermefrance.org\/wp-content\/uploads\/rfiromania.jpg\" \/>\n\t<meta property=\"og:image:width\" content=\"740\" \/>\n\t<meta property=\"og:image:height\" content=\"493\" \/>\n\t<meta property=\"og:image:type\" content=\"image\/jpeg\" \/>\n<meta name=\"author\" content=\"Laura Boonstoppel\" \/>\n<meta name=\"twitter:card\" content=\"summary_large_image\" \/>\n<meta name=\"twitter:label1\" content=\"Written by\" \/>\n\t<meta name=\"twitter:data1\" content=\"Laura Boonstoppel\" \/>\n\t<meta name=\"twitter:label2\" content=\"Estimated reading time\" \/>\n\t<meta name=\"twitter:data2\" content=\"6 minutes\" \/>\n<script type=\"application\/ld+json\" class=\"yoast-schema-graph\">{\"@context\":\"https:\\\/\\\/schema.org\",\"@graph\":[{\"@type\":\"Article\",\"@id\":\"https:\\\/\\\/remembermefrance.org\\\/solidaritate-franco-romana-in-ajutorul-refugiatilor-si-animalelor-din-ucraina\\\/#article\",\"isPartOf\":{\"@id\":\"https:\\\/\\\/remembermefrance.org\\\/solidaritate-franco-romana-in-ajutorul-refugiatilor-si-animalelor-din-ucraina\\\/\"},\"author\":{\"name\":\"Laura Boonstoppel\",\"@id\":\"https:\\\/\\\/remembermefrance.org\\\/#\\\/schema\\\/person\\\/2b48ab14faf58648bcb3229b0e1acda4\"},\"headline\":\"Solidaritate franco-rom\u00e2n\u0103 \u00een ajutorul refugia\u021bilor \u0219i animalelor din Ucraina\",\"datePublished\":\"2022-03-09T21:53:00+00:00\",\"dateModified\":\"2022-09-21T20:53:50+00:00\",\"mainEntityOfPage\":{\"@id\":\"https:\\\/\\\/remembermefrance.org\\\/solidaritate-franco-romana-in-ajutorul-refugiatilor-si-animalelor-din-ucraina\\\/\"},\"wordCount\":1306,\"publisher\":{\"@id\":\"https:\\\/\\\/remembermefrance.org\\\/#organization\"},\"image\":{\"@id\":\"https:\\\/\\\/remembermefrance.org\\\/solidaritate-franco-romana-in-ajutorul-refugiatilor-si-animalelor-din-ucraina\\\/#primaryimage\"},\"thumbnailUrl\":\"https:\\\/\\\/remembermefrance.org\\\/wp-content\\\/uploads\\\/rfiromania.jpg\",\"articleSection\":[\"Dans les m\u00e9dias\"],\"inLanguage\":\"en-GB\"},{\"@type\":\"WebPage\",\"@id\":\"https:\\\/\\\/remembermefrance.org\\\/solidaritate-franco-romana-in-ajutorul-refugiatilor-si-animalelor-din-ucraina\\\/\",\"url\":\"https:\\\/\\\/remembermefrance.org\\\/solidaritate-franco-romana-in-ajutorul-refugiatilor-si-animalelor-din-ucraina\\\/\",\"name\":\"Solidaritate franco-rom\u00e2n\u0103 \u00een ajutorul refugia\u021bilor \u0219i animalelor din Ucraina - Association RMF\",\"isPartOf\":{\"@id\":\"https:\\\/\\\/remembermefrance.org\\\/#website\"},\"primaryImageOfPage\":{\"@id\":\"https:\\\/\\\/remembermefrance.org\\\/solidaritate-franco-romana-in-ajutorul-refugiatilor-si-animalelor-din-ucraina\\\/#primaryimage\"},\"image\":{\"@id\":\"https:\\\/\\\/remembermefrance.org\\\/solidaritate-franco-romana-in-ajutorul-refugiatilor-si-animalelor-din-ucraina\\\/#primaryimage\"},\"thumbnailUrl\":\"https:\\\/\\\/remembermefrance.org\\\/wp-content\\\/uploads\\\/rfiromania.jpg\",\"datePublished\":\"2022-03-09T21:53:00+00:00\",\"dateModified\":\"2022-09-21T20:53:50+00:00\",\"breadcrumb\":{\"@id\":\"https:\\\/\\\/remembermefrance.org\\\/solidaritate-franco-romana-in-ajutorul-refugiatilor-si-animalelor-din-ucraina\\\/#breadcrumb\"},\"inLanguage\":\"en-GB\",\"potentialAction\":[{\"@type\":\"ReadAction\",\"target\":[\"https:\\\/\\\/remembermefrance.org\\\/solidaritate-franco-romana-in-ajutorul-refugiatilor-si-animalelor-din-ucraina\\\/\"]}]},{\"@type\":\"BreadcrumbList\",\"@id\":\"https:\\\/\\\/remembermefrance.org\\\/solidaritate-franco-romana-in-ajutorul-refugiatilor-si-animalelor-din-ucraina\\\/#breadcrumb\",\"itemListElement\":[{\"@type\":\"ListItem\",\"position\":1,\"name\":\"Accueil\",\"item\":\"https:\\\/\\\/remembermefrance.org\\\/\"},{\"@type\":\"ListItem\",\"position\":2,\"name\":\"Solidaritate franco-rom\u00e2n\u0103 \u00een ajutorul refugia\u021bilor \u0219i animalelor din Ucraina\"}]},{\"@type\":\"WebSite\",\"@id\":\"https:\\\/\\\/remembermefrance.org\\\/#website\",\"url\":\"https:\\\/\\\/remembermefrance.org\\\/\",\"name\":\"Remember me France\",\"description\":\"Adopter un chien roumain\",\"publisher\":{\"@id\":\"https:\\\/\\\/remembermefrance.org\\\/#organization\"},\"potentialAction\":[{\"@type\":\"SearchAction\",\"target\":{\"@type\":\"EntryPoint\",\"urlTemplate\":\"https:\\\/\\\/remembermefrance.org\\\/?s={search_term_string}\"},\"query-input\":{\"@type\":\"PropertyValueSpecification\",\"valueRequired\":true,\"valueName\":\"search_term_string\"}}],\"inLanguage\":\"en-GB\"},{\"@type\":\"Organization\",\"@id\":\"https:\\\/\\\/remembermefrance.org\\\/#organization\",\"name\":\"Remember me\",\"url\":\"https:\\\/\\\/remembermefrance.org\\\/\",\"logo\":{\"@type\":\"ImageObject\",\"inLanguage\":\"en-GB\",\"@id\":\"https:\\\/\\\/remembermefrance.org\\\/#\\\/schema\\\/logo\\\/image\\\/\",\"url\":\"https:\\\/\\\/remembermefrance.org\\\/wp-content\\\/uploads\\\/logo-remember.png\",\"contentUrl\":\"https:\\\/\\\/remembermefrance.org\\\/wp-content\\\/uploads\\\/logo-remember.png\",\"width\":325,\"height\":60,\"caption\":\"Remember me\"},\"image\":{\"@id\":\"https:\\\/\\\/remembermefrance.org\\\/#\\\/schema\\\/logo\\\/image\\\/\"},\"sameAs\":[\"https:\\\/\\\/www.facebook.com\\\/remembermefrance\",\"https:\\\/\\\/www.instagram.com\\\/remembermefrance\\\/\"]},{\"@type\":\"Person\",\"@id\":\"https:\\\/\\\/remembermefrance.org\\\/#\\\/schema\\\/person\\\/2b48ab14faf58648bcb3229b0e1acda4\",\"name\":\"Laura Boonstoppel\",\"image\":{\"@type\":\"ImageObject\",\"inLanguage\":\"en-GB\",\"@id\":\"https:\\\/\\\/secure.gravatar.com\\\/avatar\\\/c879d1201029a01f6afd520801e7c6e4f38515f63c9b8a80d888ef23f3e61641?s=96&d=mm&r=g\",\"url\":\"https:\\\/\\\/secure.gravatar.com\\\/avatar\\\/c879d1201029a01f6afd520801e7c6e4f38515f63c9b8a80d888ef23f3e61641?s=96&d=mm&r=g\",\"contentUrl\":\"https:\\\/\\\/secure.gravatar.com\\\/avatar\\\/c879d1201029a01f6afd520801e7c6e4f38515f63c9b8a80d888ef23f3e61641?s=96&d=mm&r=g\",\"caption\":\"Laura Boonstoppel\"},\"url\":\"https:\\\/\\\/remembermefrance.org\\\/en\\\/author\\\/laura\\\/\"}]}<\/script>\n<!-- \/ Yoast SEO plugin. -->","yoast_head_json":{"title":"Solidaritate franco-rom\u00e2n\u0103 \u00een ajutorul refugia\u021bilor \u0219i animalelor din Ucraina - Association RMF","robots":{"index":"index","follow":"follow","max-snippet":"max-snippet:-1","max-image-preview":"max-image-preview:large","max-video-preview":"max-video-preview:-1"},"canonical":"https:\/\/remembermefrance.org\/en\/solidaritate-franco-romana-in-ajutorul-refugiatilor-si-animalelor-din-ucraina\/","og_locale":"en_GB","og_type":"article","og_title":"Solidaritate franco-rom\u00e2n\u0103 \u00een ajutorul refugia\u021bilor \u0219i animalelor din Ucraina - Association RMF","og_description":"RFI ROMANIA &#8212; Tragediile din Ucraina \u0219i de la frontierele inundate de oamenii fugind din calea r\u0103zboiului au mi\u0219cat pe toat\u0103 lumea&#8230;Imaginile cu ucraineni \u021bin\u00e2nd&hellip;","og_url":"https:\/\/remembermefrance.org\/en\/solidaritate-franco-romana-in-ajutorul-refugiatilor-si-animalelor-din-ucraina\/","og_site_name":"Association RMF","article_publisher":"https:\/\/www.facebook.com\/remembermefrance","article_published_time":"2022-03-09T21:53:00+00:00","article_modified_time":"2022-09-21T20:53:50+00:00","og_image":[{"width":740,"height":493,"url":"https:\/\/remembermefrance.org\/wp-content\/uploads\/rfiromania.jpg","type":"image\/jpeg"}],"author":"Laura Boonstoppel","twitter_card":"summary_large_image","twitter_misc":{"Written by":"Laura Boonstoppel","Estimated reading time":"6 minutes"},"schema":{"@context":"https:\/\/schema.org","@graph":[{"@type":"Article","@id":"https:\/\/remembermefrance.org\/solidaritate-franco-romana-in-ajutorul-refugiatilor-si-animalelor-din-ucraina\/#article","isPartOf":{"@id":"https:\/\/remembermefrance.org\/solidaritate-franco-romana-in-ajutorul-refugiatilor-si-animalelor-din-ucraina\/"},"author":{"name":"Laura Boonstoppel","@id":"https:\/\/remembermefrance.org\/#\/schema\/person\/2b48ab14faf58648bcb3229b0e1acda4"},"headline":"Solidaritate franco-rom\u00e2n\u0103 \u00een ajutorul refugia\u021bilor \u0219i animalelor din Ucraina","datePublished":"2022-03-09T21:53:00+00:00","dateModified":"2022-09-21T20:53:50+00:00","mainEntityOfPage":{"@id":"https:\/\/remembermefrance.org\/solidaritate-franco-romana-in-ajutorul-refugiatilor-si-animalelor-din-ucraina\/"},"wordCount":1306,"publisher":{"@id":"https:\/\/remembermefrance.org\/#organization"},"image":{"@id":"https:\/\/remembermefrance.org\/solidaritate-franco-romana-in-ajutorul-refugiatilor-si-animalelor-din-ucraina\/#primaryimage"},"thumbnailUrl":"https:\/\/remembermefrance.org\/wp-content\/uploads\/rfiromania.jpg","articleSection":["Dans les m\u00e9dias"],"inLanguage":"en-GB"},{"@type":"WebPage","@id":"https:\/\/remembermefrance.org\/solidaritate-franco-romana-in-ajutorul-refugiatilor-si-animalelor-din-ucraina\/","url":"https:\/\/remembermefrance.org\/solidaritate-franco-romana-in-ajutorul-refugiatilor-si-animalelor-din-ucraina\/","name":"Solidaritate franco-rom\u00e2n\u0103 \u00een ajutorul refugia\u021bilor \u0219i animalelor din Ucraina - Association RMF","isPartOf":{"@id":"https:\/\/remembermefrance.org\/#website"},"primaryImageOfPage":{"@id":"https:\/\/remembermefrance.org\/solidaritate-franco-romana-in-ajutorul-refugiatilor-si-animalelor-din-ucraina\/#primaryimage"},"image":{"@id":"https:\/\/remembermefrance.org\/solidaritate-franco-romana-in-ajutorul-refugiatilor-si-animalelor-din-ucraina\/#primaryimage"},"thumbnailUrl":"https:\/\/remembermefrance.org\/wp-content\/uploads\/rfiromania.jpg","datePublished":"2022-03-09T21:53:00+00:00","dateModified":"2022-09-21T20:53:50+00:00","breadcrumb":{"@id":"https:\/\/remembermefrance.org\/solidaritate-franco-romana-in-ajutorul-refugiatilor-si-animalelor-din-ucraina\/#breadcrumb"},"inLanguage":"en-GB","potentialAction":[{"@type":"ReadAction","target":["https:\/\/remembermefrance.org\/solidaritate-franco-romana-in-ajutorul-refugiatilor-si-animalelor-din-ucraina\/"]}]},{"@type":"BreadcrumbList","@id":"https:\/\/remembermefrance.org\/solidaritate-franco-romana-in-ajutorul-refugiatilor-si-animalelor-din-ucraina\/#breadcrumb","itemListElement":[{"@type":"ListItem","position":1,"name":"Accueil","item":"https:\/\/remembermefrance.org\/"},{"@type":"ListItem","position":2,"name":"Solidaritate franco-rom\u00e2n\u0103 \u00een ajutorul refugia\u021bilor \u0219i animalelor din Ucraina"}]},{"@type":"WebSite","@id":"https:\/\/remembermefrance.org\/#website","url":"https:\/\/remembermefrance.org\/","name":"Remember me France","description":"Adopt a Romanian dog","publisher":{"@id":"https:\/\/remembermefrance.org\/#organization"},"potentialAction":[{"@type":"SearchAction","target":{"@type":"EntryPoint","urlTemplate":"https:\/\/remembermefrance.org\/?s={search_term_string}"},"query-input":{"@type":"PropertyValueSpecification","valueRequired":true,"valueName":"search_term_string"}}],"inLanguage":"en-GB"},{"@type":"Organization","@id":"https:\/\/remembermefrance.org\/#organization","name":"Remember me","url":"https:\/\/remembermefrance.org\/","logo":{"@type":"ImageObject","inLanguage":"en-GB","@id":"https:\/\/remembermefrance.org\/#\/schema\/logo\/image\/","url":"https:\/\/remembermefrance.org\/wp-content\/uploads\/logo-remember.png","contentUrl":"https:\/\/remembermefrance.org\/wp-content\/uploads\/logo-remember.png","width":325,"height":60,"caption":"Remember me"},"image":{"@id":"https:\/\/remembermefrance.org\/#\/schema\/logo\/image\/"},"sameAs":["https:\/\/www.facebook.com\/remembermefrance","https:\/\/www.instagram.com\/remembermefrance\/"]},{"@type":"Person","@id":"https:\/\/remembermefrance.org\/#\/schema\/person\/2b48ab14faf58648bcb3229b0e1acda4","name":"Laura Boonstoppel","image":{"@type":"ImageObject","inLanguage":"en-GB","@id":"https:\/\/secure.gravatar.com\/avatar\/c879d1201029a01f6afd520801e7c6e4f38515f63c9b8a80d888ef23f3e61641?s=96&d=mm&r=g","url":"https:\/\/secure.gravatar.com\/avatar\/c879d1201029a01f6afd520801e7c6e4f38515f63c9b8a80d888ef23f3e61641?s=96&d=mm&r=g","contentUrl":"https:\/\/secure.gravatar.com\/avatar\/c879d1201029a01f6afd520801e7c6e4f38515f63c9b8a80d888ef23f3e61641?s=96&d=mm&r=g","caption":"Laura Boonstoppel"},"url":"https:\/\/remembermefrance.org\/en\/author\/laura\/"}]}},"_links":{"self":[{"href":"https:\/\/remembermefrance.org\/en\/wp-json\/wp\/v2\/posts\/46493","targetHints":{"allow":["GET"]}}],"collection":[{"href":"https:\/\/remembermefrance.org\/en\/wp-json\/wp\/v2\/posts"}],"about":[{"href":"https:\/\/remembermefrance.org\/en\/wp-json\/wp\/v2\/types\/post"}],"author":[{"embeddable":true,"href":"https:\/\/remembermefrance.org\/en\/wp-json\/wp\/v2\/users\/5"}],"replies":[{"embeddable":true,"href":"https:\/\/remembermefrance.org\/en\/wp-json\/wp\/v2\/comments?post=46493"}],"version-history":[{"count":0,"href":"https:\/\/remembermefrance.org\/en\/wp-json\/wp\/v2\/posts\/46493\/revisions"}],"wp:featuredmedia":[{"embeddable":true,"href":"https:\/\/remembermefrance.org\/en\/wp-json\/wp\/v2\/media\/46496"}],"wp:attachment":[{"href":"https:\/\/remembermefrance.org\/en\/wp-json\/wp\/v2\/media?parent=46493"}],"wp:term":[{"taxonomy":"category","embeddable":true,"href":"https:\/\/remembermefrance.org\/en\/wp-json\/wp\/v2\/categories?post=46493"},{"taxonomy":"post_tag","embeddable":true,"href":"https:\/\/remembermefrance.org\/en\/wp-json\/wp\/v2\/tags?post=46493"}],"curies":[{"name":"wp","href":"https:\/\/api.w.org\/{rel}","templated":true}]}}