{"id":68186,"date":"2023-10-22T14:21:31","date_gmt":"2023-10-22T12:21:31","guid":{"rendered":"https:\/\/remembermefrance.org\/?p=68186"},"modified":"2023-10-22T14:24:05","modified_gmt":"2023-10-22T12:24:05","slug":"ne-moublie-pas","status":"publish","type":"post","link":"https:\/\/remembermefrance.org\/en\/ne-moublie-pas\/","title":{"rendered":"Ne m&rsquo;oublie pas !"},"content":{"rendered":"<p><a href=\"https:\/\/www.selectionclic.com\/nos-associations\/ne-moublie-pas\/?fbclid=IwAR17ocZrPfQkj3h9tR6igm4ch34hfTMdjdR8msOs2KBT3hRKtY0ikcPXgTE\" data-type=\"link\" data-id=\"https:\/\/www.selectionclic.com\/nos-associations\/ne-moublie-pas\/?fbclid=IwAR17ocZrPfQkj3h9tR6igm4ch34hfTMdjdR8msOs2KBT3hRKtY0ikcPXgTE\" target=\"_blank\" rel=\"noreferrer noopener\">S\u00c9LECTION READER&rsquo;S DIGEST<\/a> &#8212; Gr\u00e2ce \u00e0 Remember Me, des chiens abandonn\u00e9s en Roumanie trouvent une famille en France, en Suisse ou en Belgique.<\/p>\n\n\n\n<p>Texte Olivier van Caemerb\u00e8ke<br>Illustration Jo\u00ebl Alessandra<\/p>\n\n\n\n<p>Am\u00e9lie Bostyn et sa fille ont conserv\u00e9 de cet instant un souvenir lumineux\u2009: \u00ad\u00e0 peine sortie du camion, d\u00e9j\u00e0 en confiance, Abby leur a joyeusement l\u00e9ch\u00e9 les mains. \u00ab\u2009Malgr\u00e9 son \u00e9puisement, cette jeune chienne nous a adopt\u00e9es d\u00e8s son arriv\u00e9e\u2009\u00bb, se rappelle Am\u00e9lie.<\/p>\n\n\n\n<div class=\"wp-block-buttons is-layout-flex wp-block-buttons-is-layout-flex\">\n<div class=\"wp-block-button button1\"><a class=\"wp-block-button__link wp-element-button\" href=\"https:\/\/www.selectionclic.com\/nos-associations\/ne-moublie-pas\/?fbclid=IwAR17ocZrPfQkj3h9tR6igm4ch34hfTMdjdR8msOs2KBT3hRKtY0ikcPXgTE\" target=\"_blank\" rel=\"noreferrer noopener\">Lire la suite&#8230;<\/a><\/div>\n<\/div>\n\n\n\n<figure class=\"wp-block-image size-large\"><a href=\"https:\/\/www.selectionclic.com\/nos-associations\/ne-moublie-pas\/?fbclid=IwAR17ocZrPfQkj3h9tR6igm4ch34hfTMdjdR8msOs2KBT3hRKtY0ikcPXgTE\" target=\"_blank\" rel=\"noreferrer noopener\"><img decoding=\"async\" width=\"500\" height=\"333\" src=\"https:\/\/remembermefrance.org\/wp-content\/uploads\/Readersdigest-500x333.png\" alt=\"\" class=\"wp-image-68187\" srcset=\"https:\/\/remembermefrance.org\/wp-content\/uploads\/Readersdigest-500x333.png 500w, https:\/\/remembermefrance.org\/wp-content\/uploads\/Readersdigest-300x200.png 300w, https:\/\/remembermefrance.org\/wp-content\/uploads\/Readersdigest-18x12.png 18w, https:\/\/remembermefrance.org\/wp-content\/uploads\/Readersdigest-360x240.png 360w, https:\/\/remembermefrance.org\/wp-content\/uploads\/Readersdigest.png 720w\" sizes=\"(max-width: 500px) 100vw, 500px\" \/><\/a><\/figure>","protected":false},"excerpt":{"rendered":"<p>S\u00c9LECTION READER&rsquo;S DIGEST &#8212; Gr\u00e2ce \u00e0 Remember Me, des chiens abandonn\u00e9s en Roumanie trouvent une famille en France, en Suisse ou en Belgique. Texte Olivier&hellip;<\/p>","protected":false},"author":5,"featured_media":68187,"comment_status":"closed","ping_status":"closed","sticky":false,"template":"","format":"standard","meta":{"cybocfi_hide_featured_image":"yes","footnotes":""},"categories":[48],"tags":[],"class_list":["post-68186","post","type-post","status-publish","format-standard","has-post-thumbnail","hentry","category-dans-les-medias"],"yoast_head":"<!-- This site is optimized with the Yoast SEO plugin v27.5 - https:\/\/yoast.com\/product\/yoast-seo-wordpress\/ -->\n<title>Ne m&#039;oublie pas ! - Association RMF<\/title>\n<meta name=\"robots\" content=\"index, follow, max-snippet:-1, max-image-preview:large, max-video-preview:-1\" \/>\n<link rel=\"canonical\" href=\"https:\/\/remembermefrance.org\/en\/ne-moublie-pas\/\" \/>\n<meta property=\"og:locale\" content=\"en_GB\" \/>\n<meta property=\"og:type\" content=\"article\" \/>\n<meta property=\"og:title\" content=\"Ne m&#039;oublie pas ! - Association RMF\" \/>\n<meta property=\"og:description\" content=\"S\u00c9LECTION READER&rsquo;S DIGEST &#8212; Gr\u00e2ce \u00e0 Remember Me, des chiens abandonn\u00e9s en Roumanie trouvent une famille en France, en Suisse ou en Belgique. Texte Olivier&hellip;\" \/>\n<meta property=\"og:url\" content=\"https:\/\/remembermefrance.org\/en\/ne-moublie-pas\/\" \/>\n<meta property=\"og:site_name\" content=\"Association RMF\" \/>\n<meta property=\"article:publisher\" content=\"https:\/\/www.facebook.com\/remembermefrance\" \/>\n<meta property=\"article:published_time\" content=\"2023-10-22T12:21:31+00:00\" \/>\n<meta property=\"article:modified_time\" content=\"2023-10-22T12:24:05+00:00\" \/>\n<meta property=\"og:image\" content=\"https:\/\/remembermefrance.org\/wp-content\/uploads\/Readersdigest.png\" \/>\n\t<meta property=\"og:image:width\" content=\"720\" \/>\n\t<meta property=\"og:image:height\" content=\"479\" \/>\n\t<meta property=\"og:image:type\" content=\"image\/png\" \/>\n<meta name=\"author\" content=\"Laura Boonstoppel\" \/>\n<meta name=\"twitter:card\" content=\"summary_large_image\" \/>\n<meta name=\"twitter:label1\" content=\"Written by\" \/>\n\t<meta name=\"twitter:data1\" content=\"Laura Boonstoppel\" \/>\n<script type=\"application\/ld+json\" class=\"yoast-schema-graph\">{\"@context\":\"https:\\\/\\\/schema.org\",\"@graph\":[{\"@type\":\"Article\",\"@id\":\"https:\\\/\\\/remembermefrance.org\\\/ne-moublie-pas\\\/#article\",\"isPartOf\":{\"@id\":\"https:\\\/\\\/remembermefrance.org\\\/ne-moublie-pas\\\/\"},\"author\":{\"name\":\"Laura Boonstoppel\",\"@id\":\"https:\\\/\\\/remembermefrance.org\\\/#\\\/schema\\\/person\\\/2b48ab14faf58648bcb3229b0e1acda4\"},\"headline\":\"Ne m&rsquo;oublie pas !\",\"datePublished\":\"2023-10-22T12:21:31+00:00\",\"dateModified\":\"2023-10-22T12:24:05+00:00\",\"mainEntityOfPage\":{\"@id\":\"https:\\\/\\\/remembermefrance.org\\\/ne-moublie-pas\\\/\"},\"wordCount\":90,\"publisher\":{\"@id\":\"https:\\\/\\\/remembermefrance.org\\\/#organization\"},\"image\":{\"@id\":\"https:\\\/\\\/remembermefrance.org\\\/ne-moublie-pas\\\/#primaryimage\"},\"thumbnailUrl\":\"https:\\\/\\\/remembermefrance.org\\\/wp-content\\\/uploads\\\/Readersdigest.png\",\"articleSection\":[\"Dans les m\u00e9dias\"],\"inLanguage\":\"en-GB\"},{\"@type\":\"WebPage\",\"@id\":\"https:\\\/\\\/remembermefrance.org\\\/ne-moublie-pas\\\/\",\"url\":\"https:\\\/\\\/remembermefrance.org\\\/ne-moublie-pas\\\/\",\"name\":\"Ne m'oublie pas ! - Association RMF\",\"isPartOf\":{\"@id\":\"https:\\\/\\\/remembermefrance.org\\\/#website\"},\"primaryImageOfPage\":{\"@id\":\"https:\\\/\\\/remembermefrance.org\\\/ne-moublie-pas\\\/#primaryimage\"},\"image\":{\"@id\":\"https:\\\/\\\/remembermefrance.org\\\/ne-moublie-pas\\\/#primaryimage\"},\"thumbnailUrl\":\"https:\\\/\\\/remembermefrance.org\\\/wp-content\\\/uploads\\\/Readersdigest.png\",\"datePublished\":\"2023-10-22T12:21:31+00:00\",\"dateModified\":\"2023-10-22T12:24:05+00:00\",\"breadcrumb\":{\"@id\":\"https:\\\/\\\/remembermefrance.org\\\/ne-moublie-pas\\\/#breadcrumb\"},\"inLanguage\":\"en-GB\",\"potentialAction\":[{\"@type\":\"ReadAction\",\"target\":[\"https:\\\/\\\/remembermefrance.org\\\/ne-moublie-pas\\\/\"]}]},{\"@type\":\"BreadcrumbList\",\"@id\":\"https:\\\/\\\/remembermefrance.org\\\/ne-moublie-pas\\\/#breadcrumb\",\"itemListElement\":[{\"@type\":\"ListItem\",\"position\":1,\"name\":\"Accueil\",\"item\":\"https:\\\/\\\/remembermefrance.org\\\/\"},{\"@type\":\"ListItem\",\"position\":2,\"name\":\"Ne m&rsquo;oublie pas !\"}]},{\"@type\":\"WebSite\",\"@id\":\"https:\\\/\\\/remembermefrance.org\\\/#website\",\"url\":\"https:\\\/\\\/remembermefrance.org\\\/\",\"name\":\"Remember me France\",\"description\":\"Adopter un chien roumain\",\"publisher\":{\"@id\":\"https:\\\/\\\/remembermefrance.org\\\/#organization\"},\"potentialAction\":[{\"@type\":\"SearchAction\",\"target\":{\"@type\":\"EntryPoint\",\"urlTemplate\":\"https:\\\/\\\/remembermefrance.org\\\/?s={search_term_string}\"},\"query-input\":{\"@type\":\"PropertyValueSpecification\",\"valueRequired\":true,\"valueName\":\"search_term_string\"}}],\"inLanguage\":\"en-GB\"},{\"@type\":\"Organization\",\"@id\":\"https:\\\/\\\/remembermefrance.org\\\/#organization\",\"name\":\"Remember me\",\"url\":\"https:\\\/\\\/remembermefrance.org\\\/\",\"logo\":{\"@type\":\"ImageObject\",\"inLanguage\":\"en-GB\",\"@id\":\"https:\\\/\\\/remembermefrance.org\\\/#\\\/schema\\\/logo\\\/image\\\/\",\"url\":\"https:\\\/\\\/remembermefrance.org\\\/wp-content\\\/uploads\\\/logo-remember.png\",\"contentUrl\":\"https:\\\/\\\/remembermefrance.org\\\/wp-content\\\/uploads\\\/logo-remember.png\",\"width\":325,\"height\":60,\"caption\":\"Remember me\"},\"image\":{\"@id\":\"https:\\\/\\\/remembermefrance.org\\\/#\\\/schema\\\/logo\\\/image\\\/\"},\"sameAs\":[\"https:\\\/\\\/www.facebook.com\\\/remembermefrance\",\"https:\\\/\\\/www.instagram.com\\\/remembermefrance\\\/\"]},{\"@type\":\"Person\",\"@id\":\"https:\\\/\\\/remembermefrance.org\\\/#\\\/schema\\\/person\\\/2b48ab14faf58648bcb3229b0e1acda4\",\"name\":\"Laura Boonstoppel\",\"image\":{\"@type\":\"ImageObject\",\"inLanguage\":\"en-GB\",\"@id\":\"https:\\\/\\\/secure.gravatar.com\\\/avatar\\\/c879d1201029a01f6afd520801e7c6e4f38515f63c9b8a80d888ef23f3e61641?s=96&d=mm&r=g\",\"url\":\"https:\\\/\\\/secure.gravatar.com\\\/avatar\\\/c879d1201029a01f6afd520801e7c6e4f38515f63c9b8a80d888ef23f3e61641?s=96&d=mm&r=g\",\"contentUrl\":\"https:\\\/\\\/secure.gravatar.com\\\/avatar\\\/c879d1201029a01f6afd520801e7c6e4f38515f63c9b8a80d888ef23f3e61641?s=96&d=mm&r=g\",\"caption\":\"Laura Boonstoppel\"},\"url\":\"https:\\\/\\\/remembermefrance.org\\\/en\\\/author\\\/laura\\\/\"}]}<\/script>\n<!-- \/ Yoast SEO plugin. -->","yoast_head_json":{"title":"Ne m'oublie pas ! - Association RMF","robots":{"index":"index","follow":"follow","max-snippet":"max-snippet:-1","max-image-preview":"max-image-preview:large","max-video-preview":"max-video-preview:-1"},"canonical":"https:\/\/remembermefrance.org\/en\/ne-moublie-pas\/","og_locale":"en_GB","og_type":"article","og_title":"Ne m'oublie pas ! - Association RMF","og_description":"S\u00c9LECTION READER&rsquo;S DIGEST &#8212; Gr\u00e2ce \u00e0 Remember Me, des chiens abandonn\u00e9s en Roumanie trouvent une famille en France, en Suisse ou en Belgique. Texte Olivier&hellip;","og_url":"https:\/\/remembermefrance.org\/en\/ne-moublie-pas\/","og_site_name":"Association RMF","article_publisher":"https:\/\/www.facebook.com\/remembermefrance","article_published_time":"2023-10-22T12:21:31+00:00","article_modified_time":"2023-10-22T12:24:05+00:00","og_image":[{"width":720,"height":479,"url":"https:\/\/remembermefrance.org\/wp-content\/uploads\/Readersdigest.png","type":"image\/png"}],"author":"Laura Boonstoppel","twitter_card":"summary_large_image","twitter_misc":{"Written by":"Laura Boonstoppel"},"schema":{"@context":"https:\/\/schema.org","@graph":[{"@type":"Article","@id":"https:\/\/remembermefrance.org\/ne-moublie-pas\/#article","isPartOf":{"@id":"https:\/\/remembermefrance.org\/ne-moublie-pas\/"},"author":{"name":"Laura Boonstoppel","@id":"https:\/\/remembermefrance.org\/#\/schema\/person\/2b48ab14faf58648bcb3229b0e1acda4"},"headline":"Ne m&rsquo;oublie pas !","datePublished":"2023-10-22T12:21:31+00:00","dateModified":"2023-10-22T12:24:05+00:00","mainEntityOfPage":{"@id":"https:\/\/remembermefrance.org\/ne-moublie-pas\/"},"wordCount":90,"publisher":{"@id":"https:\/\/remembermefrance.org\/#organization"},"image":{"@id":"https:\/\/remembermefrance.org\/ne-moublie-pas\/#primaryimage"},"thumbnailUrl":"https:\/\/remembermefrance.org\/wp-content\/uploads\/Readersdigest.png","articleSection":["Dans les m\u00e9dias"],"inLanguage":"en-GB"},{"@type":"WebPage","@id":"https:\/\/remembermefrance.org\/ne-moublie-pas\/","url":"https:\/\/remembermefrance.org\/ne-moublie-pas\/","name":"Ne m'oublie pas ! - Association RMF","isPartOf":{"@id":"https:\/\/remembermefrance.org\/#website"},"primaryImageOfPage":{"@id":"https:\/\/remembermefrance.org\/ne-moublie-pas\/#primaryimage"},"image":{"@id":"https:\/\/remembermefrance.org\/ne-moublie-pas\/#primaryimage"},"thumbnailUrl":"https:\/\/remembermefrance.org\/wp-content\/uploads\/Readersdigest.png","datePublished":"2023-10-22T12:21:31+00:00","dateModified":"2023-10-22T12:24:05+00:00","breadcrumb":{"@id":"https:\/\/remembermefrance.org\/ne-moublie-pas\/#breadcrumb"},"inLanguage":"en-GB","potentialAction":[{"@type":"ReadAction","target":["https:\/\/remembermefrance.org\/ne-moublie-pas\/"]}]},{"@type":"BreadcrumbList","@id":"https:\/\/remembermefrance.org\/ne-moublie-pas\/#breadcrumb","itemListElement":[{"@type":"ListItem","position":1,"name":"Accueil","item":"https:\/\/remembermefrance.org\/"},{"@type":"ListItem","position":2,"name":"Ne m&rsquo;oublie pas !"}]},{"@type":"WebSite","@id":"https:\/\/remembermefrance.org\/#website","url":"https:\/\/remembermefrance.org\/","name":"Remember me France","description":"Adopt a Romanian dog","publisher":{"@id":"https:\/\/remembermefrance.org\/#organization"},"potentialAction":[{"@type":"SearchAction","target":{"@type":"EntryPoint","urlTemplate":"https:\/\/remembermefrance.org\/?s={search_term_string}"},"query-input":{"@type":"PropertyValueSpecification","valueRequired":true,"valueName":"search_term_string"}}],"inLanguage":"en-GB"},{"@type":"Organization","@id":"https:\/\/remembermefrance.org\/#organization","name":"Remember me","url":"https:\/\/remembermefrance.org\/","logo":{"@type":"ImageObject","inLanguage":"en-GB","@id":"https:\/\/remembermefrance.org\/#\/schema\/logo\/image\/","url":"https:\/\/remembermefrance.org\/wp-content\/uploads\/logo-remember.png","contentUrl":"https:\/\/remembermefrance.org\/wp-content\/uploads\/logo-remember.png","width":325,"height":60,"caption":"Remember me"},"image":{"@id":"https:\/\/remembermefrance.org\/#\/schema\/logo\/image\/"},"sameAs":["https:\/\/www.facebook.com\/remembermefrance","https:\/\/www.instagram.com\/remembermefrance\/"]},{"@type":"Person","@id":"https:\/\/remembermefrance.org\/#\/schema\/person\/2b48ab14faf58648bcb3229b0e1acda4","name":"Laura Boonstoppel","image":{"@type":"ImageObject","inLanguage":"en-GB","@id":"https:\/\/secure.gravatar.com\/avatar\/c879d1201029a01f6afd520801e7c6e4f38515f63c9b8a80d888ef23f3e61641?s=96&d=mm&r=g","url":"https:\/\/secure.gravatar.com\/avatar\/c879d1201029a01f6afd520801e7c6e4f38515f63c9b8a80d888ef23f3e61641?s=96&d=mm&r=g","contentUrl":"https:\/\/secure.gravatar.com\/avatar\/c879d1201029a01f6afd520801e7c6e4f38515f63c9b8a80d888ef23f3e61641?s=96&d=mm&r=g","caption":"Laura Boonstoppel"},"url":"https:\/\/remembermefrance.org\/en\/author\/laura\/"}]}},"_links":{"self":[{"href":"https:\/\/remembermefrance.org\/en\/wp-json\/wp\/v2\/posts\/68186","targetHints":{"allow":["GET"]}}],"collection":[{"href":"https:\/\/remembermefrance.org\/en\/wp-json\/wp\/v2\/posts"}],"about":[{"href":"https:\/\/remembermefrance.org\/en\/wp-json\/wp\/v2\/types\/post"}],"author":[{"embeddable":true,"href":"https:\/\/remembermefrance.org\/en\/wp-json\/wp\/v2\/users\/5"}],"replies":[{"embeddable":true,"href":"https:\/\/remembermefrance.org\/en\/wp-json\/wp\/v2\/comments?post=68186"}],"version-history":[{"count":0,"href":"https:\/\/remembermefrance.org\/en\/wp-json\/wp\/v2\/posts\/68186\/revisions"}],"wp:featuredmedia":[{"embeddable":true,"href":"https:\/\/remembermefrance.org\/en\/wp-json\/wp\/v2\/media\/68187"}],"wp:attachment":[{"href":"https:\/\/remembermefrance.org\/en\/wp-json\/wp\/v2\/media?parent=68186"}],"wp:term":[{"taxonomy":"category","embeddable":true,"href":"https:\/\/remembermefrance.org\/en\/wp-json\/wp\/v2\/categories?post=68186"},{"taxonomy":"post_tag","embeddable":true,"href":"https:\/\/remembermefrance.org\/en\/wp-json\/wp\/v2\/tags?post=68186"}],"curies":[{"name":"wp","href":"https:\/\/api.w.org\/{rel}","templated":true}]}}