{"id":876,"date":"2018-11-14T21:49:00","date_gmt":"2018-11-14T20:49:00","guid":{"rendered":"https:\/\/remembermefrance.org\/?p=876"},"modified":"2020-05-19T22:14:24","modified_gmt":"2020-05-19T20:14:24","slug":"republicain-lorrain-edition-de-sarrebourg","status":"publish","type":"post","link":"https:\/\/remembermefrance.org\/en\/republicain-lorrain-edition-de-sarrebourg\/","title":{"rendered":"R\u00e9publicain Lorrain \u00e9dition de Sarrebourg"},"content":{"rendered":"<p>Finie la vie de chien, bonjour le bonheur &#8211; Dimanche 1er d\u00e9cembre, une quarantaine de chiens roumains arriveront \u00e0 la SPA de Sarrebourg. Aucun n\u2019ira dans le refuge. Tous ont d\u00e9j\u00e0 trouv\u00e9 une famille gr\u00e2ce \u00e0 l\u2019association fran\u00e7aise Remember me.<\/p>","protected":false},"excerpt":{"rendered":"<p>Finie la vie de chien, bonjour le bonheur &#8211; Dimanche 1er d\u00e9cembre, une quarantaine de chiens roumains arriveront \u00e0 la SPA de Sarrebourg. Aucun n\u2019ira&hellip;<\/p>","protected":false},"author":5,"featured_media":520,"comment_status":"closed","ping_status":"closed","sticky":false,"template":"","format":"standard","meta":{"cybocfi_hide_featured_image":"","footnotes":""},"categories":[48],"tags":[],"class_list":["post-876","post","type-post","status-publish","format-standard","has-post-thumbnail","hentry","category-dans-les-medias"],"yoast_head":"<!-- This site is optimized with the Yoast SEO plugin v27.5 - https:\/\/yoast.com\/product\/yoast-seo-wordpress\/ -->\n<title>R\u00e9publicain Lorrain \u00e9dition de Sarrebourg - Association RMF<\/title>\n<meta name=\"robots\" content=\"index, follow, max-snippet:-1, max-image-preview:large, max-video-preview:-1\" \/>\n<link rel=\"canonical\" href=\"https:\/\/remembermefrance.org\/en\/republicain-lorrain-edition-de-sarrebourg\/\" \/>\n<meta property=\"og:locale\" content=\"en_GB\" \/>\n<meta property=\"og:type\" content=\"article\" \/>\n<meta property=\"og:title\" content=\"R\u00e9publicain Lorrain \u00e9dition de Sarrebourg - Association RMF\" \/>\n<meta property=\"og:description\" content=\"Finie la vie de chien, bonjour le bonheur &#8211; Dimanche 1er d\u00e9cembre, une quarantaine de chiens roumains arriveront \u00e0 la SPA de Sarrebourg. Aucun n\u2019ira&hellip;\" \/>\n<meta property=\"og:url\" content=\"https:\/\/remembermefrance.org\/en\/republicain-lorrain-edition-de-sarrebourg\/\" \/>\n<meta property=\"og:site_name\" content=\"Association RMF\" \/>\n<meta property=\"article:publisher\" content=\"https:\/\/www.facebook.com\/remembermefrance\" \/>\n<meta property=\"article:published_time\" content=\"2018-11-14T20:49:00+00:00\" \/>\n<meta property=\"article:modified_time\" content=\"2020-05-19T20:14:24+00:00\" \/>\n<meta property=\"og:image\" content=\"https:\/\/remembermefrance.org\/wp-content\/uploads\/Presse\/revue-de-presse-2.jpg\" \/>\n\t<meta property=\"og:image:width\" content=\"360\" \/>\n\t<meta property=\"og:image:height\" content=\"480\" \/>\n\t<meta property=\"og:image:type\" content=\"image\/jpeg\" \/>\n<meta name=\"author\" content=\"Laura Boonstoppel\" \/>\n<meta name=\"twitter:card\" content=\"summary_large_image\" \/>\n<meta name=\"twitter:label1\" content=\"Written by\" \/>\n\t<meta name=\"twitter:data1\" content=\"Laura Boonstoppel\" \/>\n<script type=\"application\/ld+json\" class=\"yoast-schema-graph\">{\"@context\":\"https:\\\/\\\/schema.org\",\"@graph\":[{\"@type\":\"Article\",\"@id\":\"https:\\\/\\\/remembermefrance.org\\\/republicain-lorrain-edition-de-sarrebourg\\\/#article\",\"isPartOf\":{\"@id\":\"https:\\\/\\\/remembermefrance.org\\\/republicain-lorrain-edition-de-sarrebourg\\\/\"},\"author\":{\"name\":\"Laura Boonstoppel\",\"@id\":\"https:\\\/\\\/remembermefrance.org\\\/#\\\/schema\\\/person\\\/2b48ab14faf58648bcb3229b0e1acda4\"},\"headline\":\"R\u00e9publicain Lorrain \u00e9dition de Sarrebourg\",\"datePublished\":\"2018-11-14T20:49:00+00:00\",\"dateModified\":\"2020-05-19T20:14:24+00:00\",\"mainEntityOfPage\":{\"@id\":\"https:\\\/\\\/remembermefrance.org\\\/republicain-lorrain-edition-de-sarrebourg\\\/\"},\"wordCount\":50,\"publisher\":{\"@id\":\"https:\\\/\\\/remembermefrance.org\\\/#organization\"},\"image\":{\"@id\":\"https:\\\/\\\/remembermefrance.org\\\/republicain-lorrain-edition-de-sarrebourg\\\/#primaryimage\"},\"thumbnailUrl\":\"https:\\\/\\\/remembermefrance.org\\\/wp-content\\\/uploads\\\/Presse\\\/revue-de-presse-2.jpg\",\"articleSection\":[\"Dans les m\u00e9dias\"],\"inLanguage\":\"en-GB\"},{\"@type\":\"WebPage\",\"@id\":\"https:\\\/\\\/remembermefrance.org\\\/republicain-lorrain-edition-de-sarrebourg\\\/\",\"url\":\"https:\\\/\\\/remembermefrance.org\\\/republicain-lorrain-edition-de-sarrebourg\\\/\",\"name\":\"R\u00e9publicain Lorrain \u00e9dition de Sarrebourg - Association RMF\",\"isPartOf\":{\"@id\":\"https:\\\/\\\/remembermefrance.org\\\/#website\"},\"primaryImageOfPage\":{\"@id\":\"https:\\\/\\\/remembermefrance.org\\\/republicain-lorrain-edition-de-sarrebourg\\\/#primaryimage\"},\"image\":{\"@id\":\"https:\\\/\\\/remembermefrance.org\\\/republicain-lorrain-edition-de-sarrebourg\\\/#primaryimage\"},\"thumbnailUrl\":\"https:\\\/\\\/remembermefrance.org\\\/wp-content\\\/uploads\\\/Presse\\\/revue-de-presse-2.jpg\",\"datePublished\":\"2018-11-14T20:49:00+00:00\",\"dateModified\":\"2020-05-19T20:14:24+00:00\",\"breadcrumb\":{\"@id\":\"https:\\\/\\\/remembermefrance.org\\\/republicain-lorrain-edition-de-sarrebourg\\\/#breadcrumb\"},\"inLanguage\":\"en-GB\",\"potentialAction\":[{\"@type\":\"ReadAction\",\"target\":[\"https:\\\/\\\/remembermefrance.org\\\/republicain-lorrain-edition-de-sarrebourg\\\/\"]}]},{\"@type\":\"ImageObject\",\"inLanguage\":\"en-GB\",\"@id\":\"https:\\\/\\\/remembermefrance.org\\\/republicain-lorrain-edition-de-sarrebourg\\\/#primaryimage\",\"url\":\"https:\\\/\\\/remembermefrance.org\\\/wp-content\\\/uploads\\\/Presse\\\/revue-de-presse-2.jpg\",\"contentUrl\":\"https:\\\/\\\/remembermefrance.org\\\/wp-content\\\/uploads\\\/Presse\\\/revue-de-presse-2.jpg\",\"width\":360,\"height\":480},{\"@type\":\"BreadcrumbList\",\"@id\":\"https:\\\/\\\/remembermefrance.org\\\/republicain-lorrain-edition-de-sarrebourg\\\/#breadcrumb\",\"itemListElement\":[{\"@type\":\"ListItem\",\"position\":1,\"name\":\"Accueil\",\"item\":\"https:\\\/\\\/remembermefrance.org\\\/\"},{\"@type\":\"ListItem\",\"position\":2,\"name\":\"R\u00e9publicain Lorrain \u00e9dition de Sarrebourg\"}]},{\"@type\":\"WebSite\",\"@id\":\"https:\\\/\\\/remembermefrance.org\\\/#website\",\"url\":\"https:\\\/\\\/remembermefrance.org\\\/\",\"name\":\"Remember me France\",\"description\":\"Adopter un chien roumain\",\"publisher\":{\"@id\":\"https:\\\/\\\/remembermefrance.org\\\/#organization\"},\"potentialAction\":[{\"@type\":\"SearchAction\",\"target\":{\"@type\":\"EntryPoint\",\"urlTemplate\":\"https:\\\/\\\/remembermefrance.org\\\/?s={search_term_string}\"},\"query-input\":{\"@type\":\"PropertyValueSpecification\",\"valueRequired\":true,\"valueName\":\"search_term_string\"}}],\"inLanguage\":\"en-GB\"},{\"@type\":\"Organization\",\"@id\":\"https:\\\/\\\/remembermefrance.org\\\/#organization\",\"name\":\"Remember me\",\"url\":\"https:\\\/\\\/remembermefrance.org\\\/\",\"logo\":{\"@type\":\"ImageObject\",\"inLanguage\":\"en-GB\",\"@id\":\"https:\\\/\\\/remembermefrance.org\\\/#\\\/schema\\\/logo\\\/image\\\/\",\"url\":\"https:\\\/\\\/remembermefrance.org\\\/wp-content\\\/uploads\\\/logo-remember.png\",\"contentUrl\":\"https:\\\/\\\/remembermefrance.org\\\/wp-content\\\/uploads\\\/logo-remember.png\",\"width\":325,\"height\":60,\"caption\":\"Remember me\"},\"image\":{\"@id\":\"https:\\\/\\\/remembermefrance.org\\\/#\\\/schema\\\/logo\\\/image\\\/\"},\"sameAs\":[\"https:\\\/\\\/www.facebook.com\\\/remembermefrance\",\"https:\\\/\\\/www.instagram.com\\\/remembermefrance\\\/\"]},{\"@type\":\"Person\",\"@id\":\"https:\\\/\\\/remembermefrance.org\\\/#\\\/schema\\\/person\\\/2b48ab14faf58648bcb3229b0e1acda4\",\"name\":\"Laura Boonstoppel\",\"image\":{\"@type\":\"ImageObject\",\"inLanguage\":\"en-GB\",\"@id\":\"https:\\\/\\\/secure.gravatar.com\\\/avatar\\\/c879d1201029a01f6afd520801e7c6e4f38515f63c9b8a80d888ef23f3e61641?s=96&d=mm&r=g\",\"url\":\"https:\\\/\\\/secure.gravatar.com\\\/avatar\\\/c879d1201029a01f6afd520801e7c6e4f38515f63c9b8a80d888ef23f3e61641?s=96&d=mm&r=g\",\"contentUrl\":\"https:\\\/\\\/secure.gravatar.com\\\/avatar\\\/c879d1201029a01f6afd520801e7c6e4f38515f63c9b8a80d888ef23f3e61641?s=96&d=mm&r=g\",\"caption\":\"Laura Boonstoppel\"},\"url\":\"https:\\\/\\\/remembermefrance.org\\\/en\\\/author\\\/laura\\\/\"}]}<\/script>\n<!-- \/ Yoast SEO plugin. -->","yoast_head_json":{"title":"R\u00e9publicain Lorrain \u00e9dition de Sarrebourg - Association RMF","robots":{"index":"index","follow":"follow","max-snippet":"max-snippet:-1","max-image-preview":"max-image-preview:large","max-video-preview":"max-video-preview:-1"},"canonical":"https:\/\/remembermefrance.org\/en\/republicain-lorrain-edition-de-sarrebourg\/","og_locale":"en_GB","og_type":"article","og_title":"R\u00e9publicain Lorrain \u00e9dition de Sarrebourg - Association RMF","og_description":"Finie la vie de chien, bonjour le bonheur &#8211; Dimanche 1er d\u00e9cembre, une quarantaine de chiens roumains arriveront \u00e0 la SPA de Sarrebourg. Aucun n\u2019ira&hellip;","og_url":"https:\/\/remembermefrance.org\/en\/republicain-lorrain-edition-de-sarrebourg\/","og_site_name":"Association RMF","article_publisher":"https:\/\/www.facebook.com\/remembermefrance","article_published_time":"2018-11-14T20:49:00+00:00","article_modified_time":"2020-05-19T20:14:24+00:00","og_image":[{"width":360,"height":480,"url":"https:\/\/remembermefrance.org\/wp-content\/uploads\/Presse\/revue-de-presse-2.jpg","type":"image\/jpeg"}],"author":"Laura Boonstoppel","twitter_card":"summary_large_image","twitter_misc":{"Written by":"Laura Boonstoppel"},"schema":{"@context":"https:\/\/schema.org","@graph":[{"@type":"Article","@id":"https:\/\/remembermefrance.org\/republicain-lorrain-edition-de-sarrebourg\/#article","isPartOf":{"@id":"https:\/\/remembermefrance.org\/republicain-lorrain-edition-de-sarrebourg\/"},"author":{"name":"Laura Boonstoppel","@id":"https:\/\/remembermefrance.org\/#\/schema\/person\/2b48ab14faf58648bcb3229b0e1acda4"},"headline":"R\u00e9publicain Lorrain \u00e9dition de Sarrebourg","datePublished":"2018-11-14T20:49:00+00:00","dateModified":"2020-05-19T20:14:24+00:00","mainEntityOfPage":{"@id":"https:\/\/remembermefrance.org\/republicain-lorrain-edition-de-sarrebourg\/"},"wordCount":50,"publisher":{"@id":"https:\/\/remembermefrance.org\/#organization"},"image":{"@id":"https:\/\/remembermefrance.org\/republicain-lorrain-edition-de-sarrebourg\/#primaryimage"},"thumbnailUrl":"https:\/\/remembermefrance.org\/wp-content\/uploads\/Presse\/revue-de-presse-2.jpg","articleSection":["Dans les m\u00e9dias"],"inLanguage":"en-GB"},{"@type":"WebPage","@id":"https:\/\/remembermefrance.org\/republicain-lorrain-edition-de-sarrebourg\/","url":"https:\/\/remembermefrance.org\/republicain-lorrain-edition-de-sarrebourg\/","name":"R\u00e9publicain Lorrain \u00e9dition de Sarrebourg - Association RMF","isPartOf":{"@id":"https:\/\/remembermefrance.org\/#website"},"primaryImageOfPage":{"@id":"https:\/\/remembermefrance.org\/republicain-lorrain-edition-de-sarrebourg\/#primaryimage"},"image":{"@id":"https:\/\/remembermefrance.org\/republicain-lorrain-edition-de-sarrebourg\/#primaryimage"},"thumbnailUrl":"https:\/\/remembermefrance.org\/wp-content\/uploads\/Presse\/revue-de-presse-2.jpg","datePublished":"2018-11-14T20:49:00+00:00","dateModified":"2020-05-19T20:14:24+00:00","breadcrumb":{"@id":"https:\/\/remembermefrance.org\/republicain-lorrain-edition-de-sarrebourg\/#breadcrumb"},"inLanguage":"en-GB","potentialAction":[{"@type":"ReadAction","target":["https:\/\/remembermefrance.org\/republicain-lorrain-edition-de-sarrebourg\/"]}]},{"@type":"ImageObject","inLanguage":"en-GB","@id":"https:\/\/remembermefrance.org\/republicain-lorrain-edition-de-sarrebourg\/#primaryimage","url":"https:\/\/remembermefrance.org\/wp-content\/uploads\/Presse\/revue-de-presse-2.jpg","contentUrl":"https:\/\/remembermefrance.org\/wp-content\/uploads\/Presse\/revue-de-presse-2.jpg","width":360,"height":480},{"@type":"BreadcrumbList","@id":"https:\/\/remembermefrance.org\/republicain-lorrain-edition-de-sarrebourg\/#breadcrumb","itemListElement":[{"@type":"ListItem","position":1,"name":"Accueil","item":"https:\/\/remembermefrance.org\/"},{"@type":"ListItem","position":2,"name":"R\u00e9publicain Lorrain \u00e9dition de Sarrebourg"}]},{"@type":"WebSite","@id":"https:\/\/remembermefrance.org\/#website","url":"https:\/\/remembermefrance.org\/","name":"Remember me France","description":"Adopt a Romanian dog","publisher":{"@id":"https:\/\/remembermefrance.org\/#organization"},"potentialAction":[{"@type":"SearchAction","target":{"@type":"EntryPoint","urlTemplate":"https:\/\/remembermefrance.org\/?s={search_term_string}"},"query-input":{"@type":"PropertyValueSpecification","valueRequired":true,"valueName":"search_term_string"}}],"inLanguage":"en-GB"},{"@type":"Organization","@id":"https:\/\/remembermefrance.org\/#organization","name":"Remember me","url":"https:\/\/remembermefrance.org\/","logo":{"@type":"ImageObject","inLanguage":"en-GB","@id":"https:\/\/remembermefrance.org\/#\/schema\/logo\/image\/","url":"https:\/\/remembermefrance.org\/wp-content\/uploads\/logo-remember.png","contentUrl":"https:\/\/remembermefrance.org\/wp-content\/uploads\/logo-remember.png","width":325,"height":60,"caption":"Remember me"},"image":{"@id":"https:\/\/remembermefrance.org\/#\/schema\/logo\/image\/"},"sameAs":["https:\/\/www.facebook.com\/remembermefrance","https:\/\/www.instagram.com\/remembermefrance\/"]},{"@type":"Person","@id":"https:\/\/remembermefrance.org\/#\/schema\/person\/2b48ab14faf58648bcb3229b0e1acda4","name":"Laura Boonstoppel","image":{"@type":"ImageObject","inLanguage":"en-GB","@id":"https:\/\/secure.gravatar.com\/avatar\/c879d1201029a01f6afd520801e7c6e4f38515f63c9b8a80d888ef23f3e61641?s=96&d=mm&r=g","url":"https:\/\/secure.gravatar.com\/avatar\/c879d1201029a01f6afd520801e7c6e4f38515f63c9b8a80d888ef23f3e61641?s=96&d=mm&r=g","contentUrl":"https:\/\/secure.gravatar.com\/avatar\/c879d1201029a01f6afd520801e7c6e4f38515f63c9b8a80d888ef23f3e61641?s=96&d=mm&r=g","caption":"Laura Boonstoppel"},"url":"https:\/\/remembermefrance.org\/en\/author\/laura\/"}]}},"_links":{"self":[{"href":"https:\/\/remembermefrance.org\/en\/wp-json\/wp\/v2\/posts\/876","targetHints":{"allow":["GET"]}}],"collection":[{"href":"https:\/\/remembermefrance.org\/en\/wp-json\/wp\/v2\/posts"}],"about":[{"href":"https:\/\/remembermefrance.org\/en\/wp-json\/wp\/v2\/types\/post"}],"author":[{"embeddable":true,"href":"https:\/\/remembermefrance.org\/en\/wp-json\/wp\/v2\/users\/5"}],"replies":[{"embeddable":true,"href":"https:\/\/remembermefrance.org\/en\/wp-json\/wp\/v2\/comments?post=876"}],"version-history":[{"count":0,"href":"https:\/\/remembermefrance.org\/en\/wp-json\/wp\/v2\/posts\/876\/revisions"}],"wp:featuredmedia":[{"embeddable":true,"href":"https:\/\/remembermefrance.org\/en\/wp-json\/wp\/v2\/media\/520"}],"wp:attachment":[{"href":"https:\/\/remembermefrance.org\/en\/wp-json\/wp\/v2\/media?parent=876"}],"wp:term":[{"taxonomy":"category","embeddable":true,"href":"https:\/\/remembermefrance.org\/en\/wp-json\/wp\/v2\/categories?post=876"},{"taxonomy":"post_tag","embeddable":true,"href":"https:\/\/remembermefrance.org\/en\/wp-json\/wp\/v2\/tags?post=876"}],"curies":[{"name":"wp","href":"https:\/\/api.w.org\/{rel}","templated":true}]}}