{"id":889,"date":"2020-05-19T22:05:20","date_gmt":"2020-05-19T20:05:20","guid":{"rendered":"https:\/\/remembermefrance.org\/?p=889"},"modified":"2020-05-19T22:12:48","modified_gmt":"2020-05-19T20:12:48","slug":"au-secours-des-chiens-roumains","status":"publish","type":"post","link":"https:\/\/remembermefrance.org\/en\/au-secours-des-chiens-roumains\/","title":{"rendered":"Au secours des chiens roumains"},"content":{"rendered":"<p>Ludivine Mess\u00e9 est une Vitr\u00e9enne de 26 ans. Elle adh\u00e8re \u00e0 l&rsquo;association Remember me France, qui vient en aide aux chiens errants de Roumanie.<\/p>","protected":false},"excerpt":{"rendered":"<p>Ludivine Mess\u00e9 est une Vitr\u00e9enne de 26 ans. Elle adh\u00e8re \u00e0 l&rsquo;association Remember me France, qui vient en aide aux chiens errants de Roumanie.<\/p>","protected":false},"author":5,"featured_media":890,"comment_status":"closed","ping_status":"closed","sticky":false,"template":"","format":"standard","meta":{"cybocfi_hide_featured_image":"","footnotes":""},"categories":[48],"tags":[],"class_list":["post-889","post","type-post","status-publish","format-standard","has-post-thumbnail","hentry","category-dans-les-medias"],"yoast_head":"<!-- This site is optimized with the Yoast SEO plugin v27.5 - https:\/\/yoast.com\/product\/yoast-seo-wordpress\/ -->\n<title>Au secours des chiens roumains - Association RMF<\/title>\n<meta name=\"robots\" content=\"index, follow, max-snippet:-1, max-image-preview:large, max-video-preview:-1\" \/>\n<link rel=\"canonical\" href=\"https:\/\/remembermefrance.org\/en\/au-secours-des-chiens-roumains\/\" \/>\n<meta property=\"og:locale\" content=\"en_GB\" \/>\n<meta property=\"og:type\" content=\"article\" \/>\n<meta property=\"og:title\" content=\"Au secours des chiens roumains - Association RMF\" \/>\n<meta property=\"og:description\" content=\"Ludivine Mess\u00e9 est une Vitr\u00e9enne de 26 ans. Elle adh\u00e8re \u00e0 l&rsquo;association Remember me France, qui vient en aide aux chiens errants de Roumanie.\" \/>\n<meta property=\"og:url\" content=\"https:\/\/remembermefrance.org\/en\/au-secours-des-chiens-roumains\/\" \/>\n<meta property=\"og:site_name\" content=\"Association RMF\" \/>\n<meta property=\"article:publisher\" content=\"https:\/\/www.facebook.com\/remembermefrance\" \/>\n<meta property=\"article:published_time\" content=\"2020-05-19T20:05:20+00:00\" \/>\n<meta property=\"article:modified_time\" content=\"2020-05-19T20:12:48+00:00\" \/>\n<meta property=\"og:image\" content=\"https:\/\/remembermefrance.org\/wp-content\/uploads\/Presse\/96330757_3088591351191692_9029873456543432704_n.jpg\" \/>\n\t<meta property=\"og:image:width\" content=\"717\" \/>\n\t<meta property=\"og:image:height\" content=\"960\" \/>\n\t<meta property=\"og:image:type\" content=\"image\/jpeg\" \/>\n<meta name=\"author\" content=\"Laura Boonstoppel\" \/>\n<meta name=\"twitter:card\" content=\"summary_large_image\" \/>\n<meta name=\"twitter:label1\" content=\"Written by\" \/>\n\t<meta name=\"twitter:data1\" content=\"Laura Boonstoppel\" \/>\n<script type=\"application\/ld+json\" class=\"yoast-schema-graph\">{\"@context\":\"https:\\\/\\\/schema.org\",\"@graph\":[{\"@type\":\"Article\",\"@id\":\"https:\\\/\\\/remembermefrance.org\\\/au-secours-des-chiens-roumains\\\/#article\",\"isPartOf\":{\"@id\":\"https:\\\/\\\/remembermefrance.org\\\/au-secours-des-chiens-roumains\\\/\"},\"author\":{\"name\":\"Laura Boonstoppel\",\"@id\":\"https:\\\/\\\/remembermefrance.org\\\/#\\\/schema\\\/person\\\/2b48ab14faf58648bcb3229b0e1acda4\"},\"headline\":\"Au secours des chiens roumains\",\"datePublished\":\"2020-05-19T20:05:20+00:00\",\"dateModified\":\"2020-05-19T20:12:48+00:00\",\"mainEntityOfPage\":{\"@id\":\"https:\\\/\\\/remembermefrance.org\\\/au-secours-des-chiens-roumains\\\/\"},\"wordCount\":30,\"publisher\":{\"@id\":\"https:\\\/\\\/remembermefrance.org\\\/#organization\"},\"image\":{\"@id\":\"https:\\\/\\\/remembermefrance.org\\\/au-secours-des-chiens-roumains\\\/#primaryimage\"},\"thumbnailUrl\":\"https:\\\/\\\/remembermefrance.org\\\/wp-content\\\/uploads\\\/Presse\\\/96330757_3088591351191692_9029873456543432704_n.jpg\",\"articleSection\":[\"Dans les m\u00e9dias\"],\"inLanguage\":\"en-GB\"},{\"@type\":\"WebPage\",\"@id\":\"https:\\\/\\\/remembermefrance.org\\\/au-secours-des-chiens-roumains\\\/\",\"url\":\"https:\\\/\\\/remembermefrance.org\\\/au-secours-des-chiens-roumains\\\/\",\"name\":\"Au secours des chiens roumains - Association RMF\",\"isPartOf\":{\"@id\":\"https:\\\/\\\/remembermefrance.org\\\/#website\"},\"primaryImageOfPage\":{\"@id\":\"https:\\\/\\\/remembermefrance.org\\\/au-secours-des-chiens-roumains\\\/#primaryimage\"},\"image\":{\"@id\":\"https:\\\/\\\/remembermefrance.org\\\/au-secours-des-chiens-roumains\\\/#primaryimage\"},\"thumbnailUrl\":\"https:\\\/\\\/remembermefrance.org\\\/wp-content\\\/uploads\\\/Presse\\\/96330757_3088591351191692_9029873456543432704_n.jpg\",\"datePublished\":\"2020-05-19T20:05:20+00:00\",\"dateModified\":\"2020-05-19T20:12:48+00:00\",\"breadcrumb\":{\"@id\":\"https:\\\/\\\/remembermefrance.org\\\/au-secours-des-chiens-roumains\\\/#breadcrumb\"},\"inLanguage\":\"en-GB\",\"potentialAction\":[{\"@type\":\"ReadAction\",\"target\":[\"https:\\\/\\\/remembermefrance.org\\\/au-secours-des-chiens-roumains\\\/\"]}]},{\"@type\":\"ImageObject\",\"inLanguage\":\"en-GB\",\"@id\":\"https:\\\/\\\/remembermefrance.org\\\/au-secours-des-chiens-roumains\\\/#primaryimage\",\"url\":\"https:\\\/\\\/remembermefrance.org\\\/wp-content\\\/uploads\\\/Presse\\\/96330757_3088591351191692_9029873456543432704_n.jpg\",\"contentUrl\":\"https:\\\/\\\/remembermefrance.org\\\/wp-content\\\/uploads\\\/Presse\\\/96330757_3088591351191692_9029873456543432704_n.jpg\",\"width\":717,\"height\":960},{\"@type\":\"BreadcrumbList\",\"@id\":\"https:\\\/\\\/remembermefrance.org\\\/au-secours-des-chiens-roumains\\\/#breadcrumb\",\"itemListElement\":[{\"@type\":\"ListItem\",\"position\":1,\"name\":\"Accueil\",\"item\":\"https:\\\/\\\/remembermefrance.org\\\/\"},{\"@type\":\"ListItem\",\"position\":2,\"name\":\"Au secours des chiens roumains\"}]},{\"@type\":\"WebSite\",\"@id\":\"https:\\\/\\\/remembermefrance.org\\\/#website\",\"url\":\"https:\\\/\\\/remembermefrance.org\\\/\",\"name\":\"Remember me France\",\"description\":\"Adopter un chien roumain\",\"publisher\":{\"@id\":\"https:\\\/\\\/remembermefrance.org\\\/#organization\"},\"potentialAction\":[{\"@type\":\"SearchAction\",\"target\":{\"@type\":\"EntryPoint\",\"urlTemplate\":\"https:\\\/\\\/remembermefrance.org\\\/?s={search_term_string}\"},\"query-input\":{\"@type\":\"PropertyValueSpecification\",\"valueRequired\":true,\"valueName\":\"search_term_string\"}}],\"inLanguage\":\"en-GB\"},{\"@type\":\"Organization\",\"@id\":\"https:\\\/\\\/remembermefrance.org\\\/#organization\",\"name\":\"Remember me\",\"url\":\"https:\\\/\\\/remembermefrance.org\\\/\",\"logo\":{\"@type\":\"ImageObject\",\"inLanguage\":\"en-GB\",\"@id\":\"https:\\\/\\\/remembermefrance.org\\\/#\\\/schema\\\/logo\\\/image\\\/\",\"url\":\"https:\\\/\\\/remembermefrance.org\\\/wp-content\\\/uploads\\\/logo-remember.png\",\"contentUrl\":\"https:\\\/\\\/remembermefrance.org\\\/wp-content\\\/uploads\\\/logo-remember.png\",\"width\":325,\"height\":60,\"caption\":\"Remember me\"},\"image\":{\"@id\":\"https:\\\/\\\/remembermefrance.org\\\/#\\\/schema\\\/logo\\\/image\\\/\"},\"sameAs\":[\"https:\\\/\\\/www.facebook.com\\\/remembermefrance\",\"https:\\\/\\\/www.instagram.com\\\/remembermefrance\\\/\"]},{\"@type\":\"Person\",\"@id\":\"https:\\\/\\\/remembermefrance.org\\\/#\\\/schema\\\/person\\\/2b48ab14faf58648bcb3229b0e1acda4\",\"name\":\"Laura Boonstoppel\",\"image\":{\"@type\":\"ImageObject\",\"inLanguage\":\"en-GB\",\"@id\":\"https:\\\/\\\/secure.gravatar.com\\\/avatar\\\/c879d1201029a01f6afd520801e7c6e4f38515f63c9b8a80d888ef23f3e61641?s=96&d=mm&r=g\",\"url\":\"https:\\\/\\\/secure.gravatar.com\\\/avatar\\\/c879d1201029a01f6afd520801e7c6e4f38515f63c9b8a80d888ef23f3e61641?s=96&d=mm&r=g\",\"contentUrl\":\"https:\\\/\\\/secure.gravatar.com\\\/avatar\\\/c879d1201029a01f6afd520801e7c6e4f38515f63c9b8a80d888ef23f3e61641?s=96&d=mm&r=g\",\"caption\":\"Laura Boonstoppel\"},\"url\":\"https:\\\/\\\/remembermefrance.org\\\/en\\\/author\\\/laura\\\/\"}]}<\/script>\n<!-- \/ Yoast SEO plugin. -->","yoast_head_json":{"title":"Au secours des chiens roumains - Association RMF","robots":{"index":"index","follow":"follow","max-snippet":"max-snippet:-1","max-image-preview":"max-image-preview:large","max-video-preview":"max-video-preview:-1"},"canonical":"https:\/\/remembermefrance.org\/en\/au-secours-des-chiens-roumains\/","og_locale":"en_GB","og_type":"article","og_title":"Au secours des chiens roumains - Association RMF","og_description":"Ludivine Mess\u00e9 est une Vitr\u00e9enne de 26 ans. Elle adh\u00e8re \u00e0 l&rsquo;association Remember me France, qui vient en aide aux chiens errants de Roumanie.","og_url":"https:\/\/remembermefrance.org\/en\/au-secours-des-chiens-roumains\/","og_site_name":"Association RMF","article_publisher":"https:\/\/www.facebook.com\/remembermefrance","article_published_time":"2020-05-19T20:05:20+00:00","article_modified_time":"2020-05-19T20:12:48+00:00","og_image":[{"width":717,"height":960,"url":"https:\/\/remembermefrance.org\/wp-content\/uploads\/Presse\/96330757_3088591351191692_9029873456543432704_n.jpg","type":"image\/jpeg"}],"author":"Laura Boonstoppel","twitter_card":"summary_large_image","twitter_misc":{"Written by":"Laura Boonstoppel"},"schema":{"@context":"https:\/\/schema.org","@graph":[{"@type":"Article","@id":"https:\/\/remembermefrance.org\/au-secours-des-chiens-roumains\/#article","isPartOf":{"@id":"https:\/\/remembermefrance.org\/au-secours-des-chiens-roumains\/"},"author":{"name":"Laura Boonstoppel","@id":"https:\/\/remembermefrance.org\/#\/schema\/person\/2b48ab14faf58648bcb3229b0e1acda4"},"headline":"Au secours des chiens roumains","datePublished":"2020-05-19T20:05:20+00:00","dateModified":"2020-05-19T20:12:48+00:00","mainEntityOfPage":{"@id":"https:\/\/remembermefrance.org\/au-secours-des-chiens-roumains\/"},"wordCount":30,"publisher":{"@id":"https:\/\/remembermefrance.org\/#organization"},"image":{"@id":"https:\/\/remembermefrance.org\/au-secours-des-chiens-roumains\/#primaryimage"},"thumbnailUrl":"https:\/\/remembermefrance.org\/wp-content\/uploads\/Presse\/96330757_3088591351191692_9029873456543432704_n.jpg","articleSection":["Dans les m\u00e9dias"],"inLanguage":"en-GB"},{"@type":"WebPage","@id":"https:\/\/remembermefrance.org\/au-secours-des-chiens-roumains\/","url":"https:\/\/remembermefrance.org\/au-secours-des-chiens-roumains\/","name":"Au secours des chiens roumains - Association RMF","isPartOf":{"@id":"https:\/\/remembermefrance.org\/#website"},"primaryImageOfPage":{"@id":"https:\/\/remembermefrance.org\/au-secours-des-chiens-roumains\/#primaryimage"},"image":{"@id":"https:\/\/remembermefrance.org\/au-secours-des-chiens-roumains\/#primaryimage"},"thumbnailUrl":"https:\/\/remembermefrance.org\/wp-content\/uploads\/Presse\/96330757_3088591351191692_9029873456543432704_n.jpg","datePublished":"2020-05-19T20:05:20+00:00","dateModified":"2020-05-19T20:12:48+00:00","breadcrumb":{"@id":"https:\/\/remembermefrance.org\/au-secours-des-chiens-roumains\/#breadcrumb"},"inLanguage":"en-GB","potentialAction":[{"@type":"ReadAction","target":["https:\/\/remembermefrance.org\/au-secours-des-chiens-roumains\/"]}]},{"@type":"ImageObject","inLanguage":"en-GB","@id":"https:\/\/remembermefrance.org\/au-secours-des-chiens-roumains\/#primaryimage","url":"https:\/\/remembermefrance.org\/wp-content\/uploads\/Presse\/96330757_3088591351191692_9029873456543432704_n.jpg","contentUrl":"https:\/\/remembermefrance.org\/wp-content\/uploads\/Presse\/96330757_3088591351191692_9029873456543432704_n.jpg","width":717,"height":960},{"@type":"BreadcrumbList","@id":"https:\/\/remembermefrance.org\/au-secours-des-chiens-roumains\/#breadcrumb","itemListElement":[{"@type":"ListItem","position":1,"name":"Accueil","item":"https:\/\/remembermefrance.org\/"},{"@type":"ListItem","position":2,"name":"Au secours des chiens roumains"}]},{"@type":"WebSite","@id":"https:\/\/remembermefrance.org\/#website","url":"https:\/\/remembermefrance.org\/","name":"Remember me France","description":"Adopt a Romanian dog","publisher":{"@id":"https:\/\/remembermefrance.org\/#organization"},"potentialAction":[{"@type":"SearchAction","target":{"@type":"EntryPoint","urlTemplate":"https:\/\/remembermefrance.org\/?s={search_term_string}"},"query-input":{"@type":"PropertyValueSpecification","valueRequired":true,"valueName":"search_term_string"}}],"inLanguage":"en-GB"},{"@type":"Organization","@id":"https:\/\/remembermefrance.org\/#organization","name":"Remember me","url":"https:\/\/remembermefrance.org\/","logo":{"@type":"ImageObject","inLanguage":"en-GB","@id":"https:\/\/remembermefrance.org\/#\/schema\/logo\/image\/","url":"https:\/\/remembermefrance.org\/wp-content\/uploads\/logo-remember.png","contentUrl":"https:\/\/remembermefrance.org\/wp-content\/uploads\/logo-remember.png","width":325,"height":60,"caption":"Remember me"},"image":{"@id":"https:\/\/remembermefrance.org\/#\/schema\/logo\/image\/"},"sameAs":["https:\/\/www.facebook.com\/remembermefrance","https:\/\/www.instagram.com\/remembermefrance\/"]},{"@type":"Person","@id":"https:\/\/remembermefrance.org\/#\/schema\/person\/2b48ab14faf58648bcb3229b0e1acda4","name":"Laura Boonstoppel","image":{"@type":"ImageObject","inLanguage":"en-GB","@id":"https:\/\/secure.gravatar.com\/avatar\/c879d1201029a01f6afd520801e7c6e4f38515f63c9b8a80d888ef23f3e61641?s=96&d=mm&r=g","url":"https:\/\/secure.gravatar.com\/avatar\/c879d1201029a01f6afd520801e7c6e4f38515f63c9b8a80d888ef23f3e61641?s=96&d=mm&r=g","contentUrl":"https:\/\/secure.gravatar.com\/avatar\/c879d1201029a01f6afd520801e7c6e4f38515f63c9b8a80d888ef23f3e61641?s=96&d=mm&r=g","caption":"Laura Boonstoppel"},"url":"https:\/\/remembermefrance.org\/en\/author\/laura\/"}]}},"_links":{"self":[{"href":"https:\/\/remembermefrance.org\/en\/wp-json\/wp\/v2\/posts\/889","targetHints":{"allow":["GET"]}}],"collection":[{"href":"https:\/\/remembermefrance.org\/en\/wp-json\/wp\/v2\/posts"}],"about":[{"href":"https:\/\/remembermefrance.org\/en\/wp-json\/wp\/v2\/types\/post"}],"author":[{"embeddable":true,"href":"https:\/\/remembermefrance.org\/en\/wp-json\/wp\/v2\/users\/5"}],"replies":[{"embeddable":true,"href":"https:\/\/remembermefrance.org\/en\/wp-json\/wp\/v2\/comments?post=889"}],"version-history":[{"count":0,"href":"https:\/\/remembermefrance.org\/en\/wp-json\/wp\/v2\/posts\/889\/revisions"}],"wp:featuredmedia":[{"embeddable":true,"href":"https:\/\/remembermefrance.org\/en\/wp-json\/wp\/v2\/media\/890"}],"wp:attachment":[{"href":"https:\/\/remembermefrance.org\/en\/wp-json\/wp\/v2\/media?parent=889"}],"wp:term":[{"taxonomy":"category","embeddable":true,"href":"https:\/\/remembermefrance.org\/en\/wp-json\/wp\/v2\/categories?post=889"},{"taxonomy":"post_tag","embeddable":true,"href":"https:\/\/remembermefrance.org\/en\/wp-json\/wp\/v2\/tags?post=889"}],"curies":[{"name":"wp","href":"https:\/\/api.w.org\/{rel}","templated":true}]}}